{"id":117,"date":"2016-06-28T14:35:29","date_gmt":"2016-06-28T12:35:29","guid":{"rendered":"http:\/\/ennedi.fr\/wpress\/?p=117"},"modified":"2018-08-23T11:04:56","modified_gmt":"2018-08-23T09:04:56","slug":"exposition-sahara-dunes-et-caravanes","status":"publish","type":"post","link":"http:\/\/ennedi.fr\/wpress\/2016\/06\/28\/exposition-sahara-dunes-et-caravanes\/","title":{"rendered":"Exposition : Sahara, dunes et caravanes"},"content":{"rendered":"<h6><img loading=\"lazy\" class=\"size-medium wp-image-118 alignleft\" src=\"http:\/\/ennedi.fr\/wpress\/wp-content\/uploads\/2016\/06\/MG_6538-2-300x200.jpg\" alt=\"_MG_6538-2\" width=\"300\" height=\"200\" srcset=\"http:\/\/ennedi.fr\/wpress\/wp-content\/uploads\/2016\/06\/MG_6538-2-300x200.jpg 300w, http:\/\/ennedi.fr\/wpress\/wp-content\/uploads\/2016\/06\/MG_6538-2-768x512.jpg 768w, http:\/\/ennedi.fr\/wpress\/wp-content\/uploads\/2016\/06\/MG_6538-2-1024x683.jpg 1024w, http:\/\/ennedi.fr\/wpress\/wp-content\/uploads\/2016\/06\/MG_6538-2-508x339.jpg 508w, http:\/\/ennedi.fr\/wpress\/wp-content\/uploads\/2016\/06\/MG_6538-2.jpg 1200w\" sizes=\"(max-width: 300px) 100vw, 300px\" \/> Dans le cadre du festival potographique de <a href=\"http:\/\/www.festivalphotographique.com\/2016\/index.php\" target=\"_blank\" rel=\"nofollow noopener\">Roquebrune-Sur-Argens<\/a> du 16 au 24 juillet nous pr\u00e9sentons une expostion sur le th\u00e8me du <a href=\"http:\/\/www.festivalphotographique.com\/2016\/Invites-honneur\/Claudine-Denis-LIONNET\/index.php\" target=\"_blank\" rel=\"nofollow noopener\">d\u00e9sert<\/a>.<\/h6>\n<p>Vernissage : samedi 16 juillet \u00e0 19 h.<\/p>\n<p>Par ailleurs j&rsquo;animerai une conf\u00e9rence sur le th\u00e8me du \u00ab\u00a0<a href=\"http:\/\/www.festivalphotographique.com\/Programme\/index.php\" target=\"_blank\" rel=\"nofollow noopener\">voyage saharien<\/a>\u00a0\u00bb le jeudi 21 juillet \u00e0 18h.<\/p>\n","protected":false},"excerpt":{"rendered":"<p>Dans le cadre du festival potographique de Roquebrune-Sur-Argens du 16 au 24 juillet nous pr\u00e9sentons une expostion sur le th\u00e8me du d\u00e9sert. Vernissage : samedi 16 juillet \u00e0 19 h. Par ailleurs j&rsquo;animerai une conf\u00e9rence sur le th\u00e8me du \u00ab\u00a0voyage saharien\u00a0\u00bb le jeudi 21 juillet \u00e0 18h.<\/p>\n","protected":false},"author":1,"featured_media":123,"comment_status":"closed","ping_status":"closed","sticky":false,"template":"","format":"gallery","meta":[],"categories":[11,10],"tags":[],"_links":{"self":[{"href":"http:\/\/ennedi.fr\/wpress\/wp-json\/wp\/v2\/posts\/117"}],"collection":[{"href":"http:\/\/ennedi.fr\/wpress\/wp-json\/wp\/v2\/posts"}],"about":[{"href":"http:\/\/ennedi.fr\/wpress\/wp-json\/wp\/v2\/types\/post"}],"author":[{"embeddable":true,"href":"http:\/\/ennedi.fr\/wpress\/wp-json\/wp\/v2\/users\/1"}],"replies":[{"embeddable":true,"href":"http:\/\/ennedi.fr\/wpress\/wp-json\/wp\/v2\/comments?post=117"}],"version-history":[{"count":4,"href":"http:\/\/ennedi.fr\/wpress\/wp-json\/wp\/v2\/posts\/117\/revisions"}],"predecessor-version":[{"id":211,"href":"http:\/\/ennedi.fr\/wpress\/wp-json\/wp\/v2\/posts\/117\/revisions\/211"}],"wp:featuredmedia":[{"embeddable":true,"href":"http:\/\/ennedi.fr\/wpress\/wp-json\/wp\/v2\/media\/123"}],"wp:attachment":[{"href":"http:\/\/ennedi.fr\/wpress\/wp-json\/wp\/v2\/media?parent=117"}],"wp:term":[{"taxonomy":"category","embeddable":true,"href":"http:\/\/ennedi.fr\/wpress\/wp-json\/wp\/v2\/categories?post=117"},{"taxonomy":"post_tag","embeddable":true,"href":"http:\/\/ennedi.fr\/wpress\/wp-json\/wp\/v2\/tags?post=117"}],"curies":[{"name":"wp","href":"https:\/\/api.w.org\/{rel}","templated":true}]}}