{"id":444,"date":"2018-08-27T15:39:09","date_gmt":"2018-08-27T13:39:09","guid":{"rendered":"http:\/\/ennedi.fr\/wpress\/?p=444"},"modified":"2018-08-28T13:53:33","modified_gmt":"2018-08-28T11:53:33","slug":"conferences-sahara","status":"publish","type":"post","link":"http:\/\/ennedi.fr\/wpress\/2018\/08\/27\/conferences-sahara\/","title":{"rendered":"Conf\u00e9rence Sahara"},"content":{"rendered":"<figure><img loading=\"lazy\" class=\"alignleft\" src=\"http:\/\/ennedi.fr\/wpress\/wp-content\/uploads\/2016\/06\/MG_6538-2-300x200.jpg\" sizes=\"(max-width: 300px) 100vw, 300px\" srcset=\"http:\/\/ennedi.fr\/wpress\/wp-content\/uploads\/2016\/06\/MG_6538-2-300x200.jpg 300w, http:\/\/ennedi.fr\/wpress\/wp-content\/uploads\/2016\/06\/MG_6538-2-768x512.jpg 768w, http:\/\/ennedi.fr\/wpress\/wp-content\/uploads\/2016\/06\/MG_6538-2-1024x683.jpg 1024w, http:\/\/ennedi.fr\/wpress\/wp-content\/uploads\/2016\/06\/MG_6538-2-508x339.jpg 508w, http:\/\/ennedi.fr\/wpress\/wp-content\/uploads\/2016\/06\/MG_6538-2.jpg 1200w\" alt=\"\" width=\"300\" height=\"200\" \/><\/figure>\n<h3>Club des reporters du Beausoleil Cin\u00e9 Photo Club<\/h3>\n<p>Le 7 f\u00e9vrier 2018 j&rsquo;ai pr\u00e9sent\u00e9 lors de cette soir\u00e9e du Club des reporters une conf\u00e9rence sur le th\u00e8me du voyage dans la Sahara : treks, grandes travers\u00e9e en autonomie, d\u00e9couverte des cultures nomades ou de l&rsquo;art rupestre.<!--more--><\/p>\n<p>Retour sur 10 ans d&rsquo;exploration &#8230;..<\/p>\n<p><a href=\"https:\/\/www.facebook.com\/dominique.torre.92\/posts\/10215633718342531?__xts__[0]=68.ARCRbC46XMXS-qQnFfsxmySLV0nx9n_RPz_Jc3RCrTSsOWkSD-SEx7m7Yh27ScoXOfA5yCIA3fjm3-Ifm3ErUM_gACNdOKzrqswAXwt3hLcvUYDIC2BLzFyI2igBv2CdiQpvLHI&amp;__tn__=C-R\">Page facebook du club des reporters<\/a><\/p>\n","protected":false},"excerpt":{"rendered":"<p>Club des reporters du Beausoleil Cin\u00e9 Photo Club Le 7 f\u00e9vrier 2018 j&rsquo;ai pr\u00e9sent\u00e9 lors de cette soir\u00e9e du Club des reporters une conf\u00e9rence sur le th\u00e8me du voyage dans la Sahara : treks, grandes travers\u00e9e en autonomie, d\u00e9couverte des cultures nomades ou de l&rsquo;art rupestre.<\/p>\n","protected":false},"author":1,"featured_media":483,"comment_status":"closed","ping_status":"closed","sticky":false,"template":"","format":"standard","meta":[],"categories":[11,1],"tags":[],"_links":{"self":[{"href":"http:\/\/ennedi.fr\/wpress\/wp-json\/wp\/v2\/posts\/444"}],"collection":[{"href":"http:\/\/ennedi.fr\/wpress\/wp-json\/wp\/v2\/posts"}],"about":[{"href":"http:\/\/ennedi.fr\/wpress\/wp-json\/wp\/v2\/types\/post"}],"author":[{"embeddable":true,"href":"http:\/\/ennedi.fr\/wpress\/wp-json\/wp\/v2\/users\/1"}],"replies":[{"embeddable":true,"href":"http:\/\/ennedi.fr\/wpress\/wp-json\/wp\/v2\/comments?post=444"}],"version-history":[{"count":15,"href":"http:\/\/ennedi.fr\/wpress\/wp-json\/wp\/v2\/posts\/444\/revisions"}],"predecessor-version":[{"id":512,"href":"http:\/\/ennedi.fr\/wpress\/wp-json\/wp\/v2\/posts\/444\/revisions\/512"}],"wp:featuredmedia":[{"embeddable":true,"href":"http:\/\/ennedi.fr\/wpress\/wp-json\/wp\/v2\/media\/483"}],"wp:attachment":[{"href":"http:\/\/ennedi.fr\/wpress\/wp-json\/wp\/v2\/media?parent=444"}],"wp:term":[{"taxonomy":"category","embeddable":true,"href":"http:\/\/ennedi.fr\/wpress\/wp-json\/wp\/v2\/categories?post=444"},{"taxonomy":"post_tag","embeddable":true,"href":"http:\/\/ennedi.fr\/wpress\/wp-json\/wp\/v2\/tags?post=444"}],"curies":[{"name":"wp","href":"https:\/\/api.w.org\/{rel}","templated":true}]}}