{"id":492,"date":"2018-08-28T12:59:38","date_gmt":"2018-08-28T10:59:38","guid":{"rendered":"http:\/\/ennedi.fr\/wpress\/?p=492"},"modified":"2018-08-28T13:51:49","modified_gmt":"2018-08-28T11:51:49","slug":"festival-photographique-roquebrune-sur-argens","status":"publish","type":"post","link":"http:\/\/ennedi.fr\/wpress\/2018\/08\/28\/festival-photographique-roquebrune-sur-argens\/","title":{"rendered":"Festival Photographique &#8211; Roquebrune-Sur-Argens"},"content":{"rendered":"<figure class=\"wp-block-image alignleft\"><img loading=\"lazy\" width=\"300\" height=\"200\" class=\"wp-image-487 alignleft\" src=\"http:\/\/ennedi.fr\/wpress\/wp-content\/uploads\/2018\/08\/F5A3274b2-300x200.jpg\" alt=\"\" srcset=\"http:\/\/ennedi.fr\/wpress\/wp-content\/uploads\/2018\/08\/F5A3274b2-300x200.jpg 300w, http:\/\/ennedi.fr\/wpress\/wp-content\/uploads\/2018\/08\/F5A3274b2-768x513.jpg 768w, http:\/\/ennedi.fr\/wpress\/wp-content\/uploads\/2018\/08\/F5A3274b2-1024x683.jpg 1024w, http:\/\/ennedi.fr\/wpress\/wp-content\/uploads\/2018\/08\/F5A3274b2.jpg 1302w\" sizes=\"(max-width: 300px) 100vw, 300px\" \/><\/figure>\n<p>Dans le cadre du festival photographique de Roquebrune-Sur-Argens pr\u00e9sentation\u00a0 d&rsquo;une exposition sur les aurores bor\u00e9ales : \u00ab\u00a0Lumi\u00e8res du Nord : les aurores bor\u00e9ales\u00a0\u00bb.<\/p>\n<p><!--more--><\/p>\n<p>Visible du 21 au 29 juillet 2018.<\/p>\n<p>Le site du festival : <a href=\"http:\/\/www.festivalphotographique.com\/Archives\/2018\/index.php\" target=\"_blank\" rel=\"noopener\">Festival photographique<\/a><\/p>\n<p>Les derni\u00e8res infos :\u00a0 \u00a0 <a href=\"https:\/\/www.facebook.com\/Festival-Photographique-de-Roquebrune-sur-Argens-204068652944440\/?ref=bookmarks\" target=\"_blank\" rel=\"noopener\">facebook<\/a><\/p>\n<p>\u00a0<\/p>\n<p><img loading=\"lazy\" class=\"alignleft size-medium wp-image-501\" src=\"http:\/\/ennedi.fr\/wpress\/wp-content\/uploads\/2018\/08\/conf-300x202.jpg\" alt=\"\" width=\"300\" height=\"202\" srcset=\"http:\/\/ennedi.fr\/wpress\/wp-content\/uploads\/2018\/08\/conf-300x202.jpg 300w, http:\/\/ennedi.fr\/wpress\/wp-content\/uploads\/2018\/08\/conf-768x516.jpg 768w, http:\/\/ennedi.fr\/wpress\/wp-content\/uploads\/2018\/08\/conf.jpg 960w\" sizes=\"(max-width: 300px) 100vw, 300px\" \/>Le vendredi 27 juillet j&rsquo;ai anim\u00e9 une conf\u00e9rence\/diaporama sur le th\u00e8me des aurores bor\u00e9ales : les explications scientifiques, comment les pr\u00e9voir, les meilleurs lieux et p\u00e9riodes pour les observer &#8230;.\u00a0\u00a0 et projection d&rsquo;un diaporama avec les diff\u00e9rents types d&rsquo;aurores &#8230;<\/p>\n<p><a href=\"https:\/\/www.facebook.com\/permalink.php?story_fbid=2359435847407699&amp;id=204068652944440&amp;__xts__[0]=68.ARBQNmiVaO0ZFoStgikgcn9d80kUXXEpTVst5DP1CjxlkCbOEa47bsvX9O733qGnqDSyrVuRdPJrEEo_ATc2F-UQu1KirIJNlO0aJ_Iwc138m5AfuGymyFP3vgLr7MoO7yTu7vk&amp;__tn__=C-R\" target=\"_blank\" rel=\"noopener\">La conf\u00e9rence sur facebook<\/a><\/p>\n<p>\u00a0<\/p>\n<p>\u00a0<\/p>\n<p>\u00a0<\/p>\n\n\n<figure class=\"wp-block-image alignleft\"><\/figure>\n","protected":false},"excerpt":{"rendered":"<p>Dans le cadre du festival photographique de Roquebrune-Sur-Argens pr\u00e9sentation\u00a0 d&rsquo;une exposition sur les aurores bor\u00e9ales : \u00ab\u00a0Lumi\u00e8res du Nord : les aurores bor\u00e9ales\u00a0\u00bb.<\/p>\n","protected":false},"author":1,"featured_media":506,"comment_status":"closed","ping_status":"closed","sticky":false,"template":"","format":"standard","meta":[],"categories":[11],"tags":[13],"_links":{"self":[{"href":"http:\/\/ennedi.fr\/wpress\/wp-json\/wp\/v2\/posts\/492"}],"collection":[{"href":"http:\/\/ennedi.fr\/wpress\/wp-json\/wp\/v2\/posts"}],"about":[{"href":"http:\/\/ennedi.fr\/wpress\/wp-json\/wp\/v2\/types\/post"}],"author":[{"embeddable":true,"href":"http:\/\/ennedi.fr\/wpress\/wp-json\/wp\/v2\/users\/1"}],"replies":[{"embeddable":true,"href":"http:\/\/ennedi.fr\/wpress\/wp-json\/wp\/v2\/comments?post=492"}],"version-history":[{"count":12,"href":"http:\/\/ennedi.fr\/wpress\/wp-json\/wp\/v2\/posts\/492\/revisions"}],"predecessor-version":[{"id":636,"href":"http:\/\/ennedi.fr\/wpress\/wp-json\/wp\/v2\/posts\/492\/revisions\/636"}],"wp:featuredmedia":[{"embeddable":true,"href":"http:\/\/ennedi.fr\/wpress\/wp-json\/wp\/v2\/media\/506"}],"wp:attachment":[{"href":"http:\/\/ennedi.fr\/wpress\/wp-json\/wp\/v2\/media?parent=492"}],"wp:term":[{"taxonomy":"category","embeddable":true,"href":"http:\/\/ennedi.fr\/wpress\/wp-json\/wp\/v2\/categories?post=492"},{"taxonomy":"post_tag","embeddable":true,"href":"http:\/\/ennedi.fr\/wpress\/wp-json\/wp\/v2\/tags?post=492"}],"curies":[{"name":"wp","href":"https:\/\/api.w.org\/{rel}","templated":true}]}}