{"id":599,"date":"2018-10-30T14:13:53","date_gmt":"2018-10-30T13:13:53","guid":{"rendered":"http:\/\/ennedi.fr\/wpress\/?p=599"},"modified":"2019-05-26T18:11:41","modified_gmt":"2019-05-26T16:11:41","slug":"festival-photomenton","status":"publish","type":"post","link":"http:\/\/ennedi.fr\/wpress\/2018\/10\/30\/festival-photomenton\/","title":{"rendered":"Festival PhotoMenton"},"content":{"rendered":"\t\t<div data-elementor-type=\"wp-post\" data-elementor-id=\"599\" class=\"elementor elementor-599\" data-elementor-settings=\"[]\">\n\t\t\t\t\t\t<div class=\"elementor-inner\">\n\t\t\t\t\t\t\t<div class=\"elementor-section-wrap\">\n\t\t\t\t\t\t\t<section class=\"elementor-section elementor-top-section elementor-element elementor-element-171c5634 elementor-section-boxed elementor-section-height-default elementor-section-height-default\" data-id=\"171c5634\" data-element_type=\"section\">\n\t\t\t\t\t\t<div class=\"elementor-container elementor-column-gap-default\">\n\t\t\t\t\t\t\t<div class=\"elementor-row\">\n\t\t\t\t\t<div class=\"elementor-column elementor-col-100 elementor-top-column elementor-element elementor-element-7e87ec38\" data-id=\"7e87ec38\" data-element_type=\"column\">\n\t\t\t<div class=\"elementor-column-wrap elementor-element-populated\">\n\t\t\t\t\t\t\t<div class=\"elementor-widget-wrap\">\n\t\t\t\t\t\t<div class=\"elementor-element elementor-element-5931f6ec elementor-widget elementor-widget-text-editor\" data-id=\"5931f6ec\" data-element_type=\"widget\" data-widget_type=\"text-editor.default\">\n\t\t\t\t<div class=\"elementor-widget-container\">\n\t\t\t\t\t<div class=\"elementor-text-editor elementor-clearfix\"><p><!-- wp:paragraph --><\/p>\n<p><img loading=\"lazy\" class=\"alignleft size-medium wp-image-487\" src=\"http:\/\/ennedi.fr\/wpress\/wp-content\/uploads\/2018\/08\/F5A3274b2-300x200.jpg\" alt=\"\" width=\"300\" height=\"200\" srcset=\"http:\/\/ennedi.fr\/wpress\/wp-content\/uploads\/2018\/08\/F5A3274b2-300x200.jpg 300w, http:\/\/ennedi.fr\/wpress\/wp-content\/uploads\/2018\/08\/F5A3274b2-768x513.jpg 768w, http:\/\/ennedi.fr\/wpress\/wp-content\/uploads\/2018\/08\/F5A3274b2-1024x683.jpg 1024w, http:\/\/ennedi.fr\/wpress\/wp-content\/uploads\/2018\/08\/F5A3274b2.jpg 1302w\" sizes=\"(max-width: 300px) 100vw, 300px\" \/>Je participe cette ann\u00e9e encore a <a href=\"http:\/\/www.photomenton.com\/index.htm\">Festival photo de Menton<\/a> avec une exposition sur les aurores bor\u00e9ales du 17 au 25 novembre 2018.<\/p>\n<p><!-- \/wp:paragraph --><\/p>\n<p><!-- wp:paragraph --><\/p>\n<p>J&rsquo;animerai aussi <a href=\"http:\/\/www.photomenton.com\/documents\/Programme%20ateliers%202018.pdf\">2 conf\u00e9rences<\/a>, les 17 et 25 novembre, sur le th\u00e8me des aurores : comprendre un petit mieux la magie des aurores et l&rsquo;addiction qu&rsquo;elles peuvent susciter &#8230;. , comment elles se\u00a0 forment, o\u00f9 peut on le mieux les observer et \u00e0 quelles p\u00e9riodes de l&rsquo;ann\u00e9e, sont elles pr\u00e9visibles &#8230;.. et quelques photographies.<\/p>\n<p><!-- \/wp:paragraph --><\/p>\n<p><!-- wp:paragraph --><\/p>\n<p><!-- \/wp:paragraph --><\/p>\n<p><!-- wp:paragraph --><\/p>\n<p>T\u00e9l\u00e9charger : <a href=\"http:\/\/www.photomenton.com\/documents\/DOSSIER%20DE%20PRESSE%202018.pdf\">le dossier de presse<\/a><\/p>\n<p>\u00a0\u00a0\u00a0\u00a0\u00a0\u00a0\u00a0\u00a0\u00a0\u00a0\u00a0\u00a0\u00a0\u00a0\u00a0\u00a0\u00a0\u00a0\u00a0\u00a0\u00a0\u00a0\u00a0\u00a0\u00a0\u00a0\u00a0\u00a0\u00a0\u00a0\u00a0\u00a0\u00a0\u00a0\u00a0\u00a0\u00a0\u00a0\u00a0\u00a0\u00a0\u00a0\u00a0\u00a0\u00a0\u00a0\u00a0\u00a0\u00a0\u00a0\u00a0\u00a0\u00a0\u00a0\u00a0\u00a0\u00a0\u00a0\u00a0\u00a0\u00a0\u00a0\u00a0\u00a0\u00a0\u00a0\u00a0\u00a0\u00a0\u00a0\u00a0\u00a0\u00a0\u00a0\u00a0\u00a0\u00a0\u00a0\u00a0 et une image en haute d\u00e9finition: <a href=\"https:\/\/ennedi.prodibi.com\/a\/4yv046vgvkx7e9k\/i\/d14d20xdze171lv?s=kXFVjux9CiWZfFfeso96F39smCYWis4PtRgQvPyBR6A%3D\" target=\"_blank\" rel=\"noopener\">Aurore<\/a><\/p>\n<p><!-- \/wp:paragraph --><\/p><\/div>\n\t\t\t\t<\/div>\n\t\t\t\t<\/div>\n\t\t\t\t<div class=\"elementor-element elementor-element-625fa21 elementor-widget elementor-widget-text-editor\" data-id=\"625fa21\" data-element_type=\"widget\" data-widget_type=\"text-editor.default\">\n\t\t\t\t<div class=\"elementor-widget-container\">\n\t\t\t\t\t<div class=\"elementor-text-editor elementor-clearfix\"><h4 style=\"text-align: center;\"><a href=\"https:\/\/www.youtube.com\/watch?v=Z1lkBGpJ3og&amp;feature=youtu.be&amp;fbclid=IwAR2l0R7__IGu42NlPWLBIWoyw58X9Z2PP3c9MWiMX_gV56DykIq_YbJ47U4\">\u00a0 Interview<\/a><\/h4><\/div>\n\t\t\t\t<\/div>\n\t\t\t\t<\/div>\n\t\t\t\t\t\t<\/div>\n\t\t\t\t\t<\/div>\n\t\t<\/div>\n\t\t\t\t\t\t\t\t<\/div>\n\t\t\t\t\t<\/div>\n\t\t<\/section>\n\t\t\t\t<section class=\"elementor-section elementor-top-section elementor-element elementor-element-9213242 elementor-section-boxed elementor-section-height-default elementor-section-height-default\" data-id=\"9213242\" data-element_type=\"section\">\n\t\t\t\t\t\t<div class=\"elementor-container elementor-column-gap-default\">\n\t\t\t\t\t\t\t<div class=\"elementor-row\">\n\t\t\t\t\t<div class=\"elementor-column elementor-col-100 elementor-top-column elementor-element elementor-element-e9cdddd\" data-id=\"e9cdddd\" data-element_type=\"column\">\n\t\t\t<div class=\"elementor-column-wrap elementor-element-populated\">\n\t\t\t\t\t\t\t<div class=\"elementor-widget-wrap\">\n\t\t\t\t\t\t<div class=\"elementor-element elementor-element-72cbed7 elementor-aspect-ratio-169 elementor-widget elementor-widget-video\" data-id=\"72cbed7\" data-element_type=\"widget\" data-settings=\"{&quot;youtube_url&quot;:&quot;https:\\\/\\\/www.youtube.com\\\/watch?v=Z1lkBGpJ3og&amp;feature=youtu.be&amp;fbclid=IwAR2l0R7__IGu42NlPWLBIWoyw58X9Z2PP3c9MWiMX_gV56DykIq_YbJ47U4&quot;,&quot;video_type&quot;:&quot;youtube&quot;,&quot;controls&quot;:&quot;yes&quot;,&quot;aspect_ratio&quot;:&quot;169&quot;}\" data-widget_type=\"video.default\">\n\t\t\t\t<div class=\"elementor-widget-container\">\n\t\t\t\t\t<div class=\"elementor-wrapper elementor-fit-aspect-ratio elementor-open-inline\">\n\t\t\t<div class=\"elementor-video\"><\/div>\t\t<\/div>\n\t\t\t\t<\/div>\n\t\t\t\t<\/div>\n\t\t\t\t\t\t<\/div>\n\t\t\t\t\t<\/div>\n\t\t<\/div>\n\t\t\t\t\t\t\t\t<\/div>\n\t\t\t\t\t<\/div>\n\t\t<\/section>\n\t\t\t\t\t\t<\/div>\n\t\t\t\t\t\t<\/div>\n\t\t\t\t\t<\/div>\n\t\t","protected":false},"excerpt":{"rendered":"<p>Je participe cette ann\u00e9e encore a Festival photo de Menton avec une exposition sur les aurores bor\u00e9ales du 17 au 25 novembre 2018. J&rsquo;animerai aussi 2 conf\u00e9rences, les 17 et 25 novembre, sur le th\u00e8me des aurores : comprendre un petit mieux la magie des aurores et l&rsquo;addiction qu&rsquo;elles peuvent susciter &#8230;. , comment elles [&hellip;]<\/p>\n","protected":false},"author":1,"featured_media":605,"comment_status":"closed","ping_status":"closed","sticky":false,"template":"","format":"standard","meta":[],"categories":[11],"tags":[],"_links":{"self":[{"href":"http:\/\/ennedi.fr\/wpress\/wp-json\/wp\/v2\/posts\/599"}],"collection":[{"href":"http:\/\/ennedi.fr\/wpress\/wp-json\/wp\/v2\/posts"}],"about":[{"href":"http:\/\/ennedi.fr\/wpress\/wp-json\/wp\/v2\/types\/post"}],"author":[{"embeddable":true,"href":"http:\/\/ennedi.fr\/wpress\/wp-json\/wp\/v2\/users\/1"}],"replies":[{"embeddable":true,"href":"http:\/\/ennedi.fr\/wpress\/wp-json\/wp\/v2\/comments?post=599"}],"version-history":[{"count":14,"href":"http:\/\/ennedi.fr\/wpress\/wp-json\/wp\/v2\/posts\/599\/revisions"}],"predecessor-version":[{"id":654,"href":"http:\/\/ennedi.fr\/wpress\/wp-json\/wp\/v2\/posts\/599\/revisions\/654"}],"wp:featuredmedia":[{"embeddable":true,"href":"http:\/\/ennedi.fr\/wpress\/wp-json\/wp\/v2\/media\/605"}],"wp:attachment":[{"href":"http:\/\/ennedi.fr\/wpress\/wp-json\/wp\/v2\/media?parent=599"}],"wp:term":[{"taxonomy":"category","embeddable":true,"href":"http:\/\/ennedi.fr\/wpress\/wp-json\/wp\/v2\/categories?post=599"},{"taxonomy":"post_tag","embeddable":true,"href":"http:\/\/ennedi.fr\/wpress\/wp-json\/wp\/v2\/tags?post=599"}],"curies":[{"name":"wp","href":"https:\/\/api.w.org\/{rel}","templated":true}]}}