{"id":655,"date":"2019-05-26T18:22:55","date_gmt":"2019-05-26T16:22:55","guid":{"rendered":"http:\/\/ennedi.fr\/wpress\/?p=655"},"modified":"2021-02-07T17:58:41","modified_gmt":"2021-02-07T16:58:41","slug":"festival-photo-mouan-sartoux-2019","status":"publish","type":"post","link":"http:\/\/ennedi.fr\/wpress\/2019\/05\/26\/festival-photo-mouan-sartoux-2019\/","title":{"rendered":"Festival photo Mouans-Sartoux 2019"},"content":{"rendered":"\t\t<div data-elementor-type=\"wp-post\" data-elementor-id=\"655\" class=\"elementor elementor-655\" data-elementor-settings=\"[]\">\n\t\t\t\t\t\t<div class=\"elementor-inner\">\n\t\t\t\t\t\t\t<div class=\"elementor-section-wrap\">\n\t\t\t\t\t\t\t<section class=\"elementor-section elementor-top-section elementor-element elementor-element-7149667 elementor-section-boxed elementor-section-height-default elementor-section-height-default\" data-id=\"7149667\" data-element_type=\"section\">\n\t\t\t\t\t\t<div class=\"elementor-container elementor-column-gap-default\">\n\t\t\t\t\t\t\t<div class=\"elementor-row\">\n\t\t\t\t\t<div class=\"elementor-column elementor-col-100 elementor-top-column elementor-element elementor-element-71c7b0c\" data-id=\"71c7b0c\" data-element_type=\"column\">\n\t\t\t<div class=\"elementor-column-wrap elementor-element-populated\">\n\t\t\t\t\t\t\t<div class=\"elementor-widget-wrap\">\n\t\t\t\t\t\t<div class=\"elementor-element elementor-element-2ac8d40 elementor-widget elementor-widget-text-editor\" data-id=\"2ac8d40\" data-element_type=\"widget\" data-widget_type=\"text-editor.default\">\n\t\t\t\t<div class=\"elementor-widget-container\">\n\t\t\t\t\t<div class=\"elementor-text-editor elementor-clearfix\"><p><img loading=\"lazy\" class=\"alignleft size-medium wp-image-488\" src=\"http:\/\/ennedi.fr\/wpress\/wp-content\/uploads\/2018\/08\/F5A5866-2c-300x200.jpg\" alt=\"\" width=\"300\" height=\"200\" srcset=\"http:\/\/ennedi.fr\/wpress\/wp-content\/uploads\/2018\/08\/F5A5866-2c-300x200.jpg 300w, http:\/\/ennedi.fr\/wpress\/wp-content\/uploads\/2018\/08\/F5A5866-2c-768x513.jpg 768w, http:\/\/ennedi.fr\/wpress\/wp-content\/uploads\/2018\/08\/F5A5866-2c-1024x683.jpg 1024w, http:\/\/ennedi.fr\/wpress\/wp-content\/uploads\/2018\/08\/F5A5866-2c.jpg 1302w\" sizes=\"(max-width: 300px) 100vw, 300px\" \/>Je pr\u00e9senterai l&rsquo;exposition sur les aurores bor\u00e9ales lors du festival photo de Mouans-Sartoux les 29 et 30 juin 2019. C&rsquo;est toujours un grand plaisir de participer \u00e0 ce festival.<\/p><p>Des pr\u00e9cisions sur le lieu d&rsquo;exposition \u00e0 venir &#8230;. \u00a0<\/p><p><a href=\"https:\/\/photomouans.com\/festival\/\" target=\"_blank\" rel=\"noopener\">Le site du festival\u00a0 <br \/><\/a><\/p><p><a href=\"https:\/\/photomouans.com\/festival-archives\/\" target=\"_blank\" rel=\"noopener\">Les exposants<\/a><\/p><p><a href=\"https:\/\/www.facebook.com\/festivalphotomouanssartoux\/?__tn__=kC-R&amp;eid=ARBgF9-LQ3bNVkWjnCzjRD6Hsub-KGGPwSDJRdTv2BhW-i0W_glMEnJpsQRMla591wd_UogawuWbjPdu&amp;hc_ref=ARQVjQZYTzpfKWQxBa_uTSf3bYx14AStQ9O5Podd86YcX5H6JWbC2BSqtCfB6bgGQZ0&amp;fref=nf&amp;__xts__[0]=68.ARCzvlV8y7MX4OBdmjMVKygCh8i6-0EIwj2xX3GFweeNWYUABT2aqfWczPP0_LX_fms4LafIv-i4DilpB_M0_uS7K5kwoQ1S7Q1qLbmSU_zcxQolKjcVg285MioleZZ6W2gE1-x92oPUARqqQ2HhHamo7bV7aieub5J0idY18FZTkQKCQrGQMXjcagWykU99p6H6v0yN0WH6XxgIC_3m0G0amivZlqSRhQ7t6fxu637htXV5-zFg1LEI5Hu0tv6bqsJw9o6lM4Y2VUwYrmJZlpaac8GR6o3HECXmbIZWnQ5BChQ3nbGOnQTbjR4xS8i2cW0XTkE0mObjnTswh4Vy\" target=\"_blank\" rel=\"noopener\">Et la page Facebook<\/a><\/p><p><a href=\"https:\/\/ennedi.prodibi.com\/a\/4yv046vgvkx7e9k\/i\/d14d20xdze171lv?s=kXFVjux9CiWZfFfeso96F39smCYWis4PtRgQvPyBR6A%3D\" target=\"_blank\" rel=\"noopener\">Et une photo HD<\/a><\/p><\/div>\n\t\t\t\t<\/div>\n\t\t\t\t<\/div>\n\t\t\t\t\t\t<\/div>\n\t\t\t\t\t<\/div>\n\t\t<\/div>\n\t\t\t\t\t\t\t\t<\/div>\n\t\t\t\t\t<\/div>\n\t\t<\/section>\n\t\t\t\t<section class=\"elementor-section elementor-top-section elementor-element elementor-element-8a325e7 elementor-section-boxed elementor-section-height-default elementor-section-height-default\" data-id=\"8a325e7\" data-element_type=\"section\">\n\t\t\t\t\t\t<div class=\"elementor-container elementor-column-gap-default\">\n\t\t\t\t\t\t\t<div class=\"elementor-row\">\n\t\t\t\t\t<div class=\"elementor-column elementor-col-100 elementor-top-column elementor-element elementor-element-cbc1308\" data-id=\"cbc1308\" data-element_type=\"column\">\n\t\t\t<div class=\"elementor-column-wrap elementor-element-populated\">\n\t\t\t\t\t\t\t<div class=\"elementor-widget-wrap\">\n\t\t\t\t\t\t<div class=\"elementor-element elementor-element-85dfb36 elementor-widget elementor-widget-text-editor\" data-id=\"85dfb36\" data-element_type=\"widget\" data-widget_type=\"text-editor.default\">\n\t\t\t\t<div class=\"elementor-widget-container\">\n\t\t\t\t\t<div class=\"elementor-text-editor elementor-clearfix\"><p><img loading=\"lazy\" class=\"alignleft wp-image-888 size-medium\" src=\"http:\/\/ennedi.fr\/wpress\/wp-content\/uploads\/2019\/07\/66179093_2707772202570678_4537393035645812736_n-300x225.jpg\" alt=\"\" width=\"300\" height=\"225\" srcset=\"http:\/\/ennedi.fr\/wpress\/wp-content\/uploads\/2019\/07\/66179093_2707772202570678_4537393035645812736_n-300x225.jpg 300w, http:\/\/ennedi.fr\/wpress\/wp-content\/uploads\/2019\/07\/66179093_2707772202570678_4537393035645812736_n-768x576.jpg 768w, http:\/\/ennedi.fr\/wpress\/wp-content\/uploads\/2019\/07\/66179093_2707772202570678_4537393035645812736_n.jpg 800w\" sizes=\"(max-width: 300px) 100vw, 300px\" \/>Un week end tr\u00e8s chaud &#8230;.. mais aussi tr\u00e8s sympatique &#8230;. un grand merci aux organisateurs &#8230;<\/p><\/div>\n\t\t\t\t<\/div>\n\t\t\t\t<\/div>\n\t\t\t\t\t\t<\/div>\n\t\t\t\t\t<\/div>\n\t\t<\/div>\n\t\t\t\t\t\t\t\t<\/div>\n\t\t\t\t\t<\/div>\n\t\t<\/section>\n\t\t\t\t\t\t<\/div>\n\t\t\t\t\t\t<\/div>\n\t\t\t\t\t<\/div>\n\t\t","protected":false},"excerpt":{"rendered":"<p>Je pr\u00e9senterai l&rsquo;exposition sur les aurores bor\u00e9ales lors du festival photo de Mouans-Sartoux les 29 et 30 juin 2019. C&rsquo;est toujours un grand plaisir de participer \u00e0 ce festival. Des pr\u00e9cisions sur le lieu d&rsquo;exposition \u00e0 venir &#8230;. \u00a0 Le site du festival\u00a0 Les exposants Et la page Facebook Et une photo HD Un week [&hellip;]<\/p>\n","protected":false},"author":1,"featured_media":661,"comment_status":"closed","ping_status":"closed","sticky":false,"template":"","format":"standard","meta":[],"categories":[11],"tags":[],"_links":{"self":[{"href":"http:\/\/ennedi.fr\/wpress\/wp-json\/wp\/v2\/posts\/655"}],"collection":[{"href":"http:\/\/ennedi.fr\/wpress\/wp-json\/wp\/v2\/posts"}],"about":[{"href":"http:\/\/ennedi.fr\/wpress\/wp-json\/wp\/v2\/types\/post"}],"author":[{"embeddable":true,"href":"http:\/\/ennedi.fr\/wpress\/wp-json\/wp\/v2\/users\/1"}],"replies":[{"embeddable":true,"href":"http:\/\/ennedi.fr\/wpress\/wp-json\/wp\/v2\/comments?post=655"}],"version-history":[{"count":18,"href":"http:\/\/ennedi.fr\/wpress\/wp-json\/wp\/v2\/posts\/655\/revisions"}],"predecessor-version":[{"id":1058,"href":"http:\/\/ennedi.fr\/wpress\/wp-json\/wp\/v2\/posts\/655\/revisions\/1058"}],"wp:featuredmedia":[{"embeddable":true,"href":"http:\/\/ennedi.fr\/wpress\/wp-json\/wp\/v2\/media\/661"}],"wp:attachment":[{"href":"http:\/\/ennedi.fr\/wpress\/wp-json\/wp\/v2\/media?parent=655"}],"wp:term":[{"taxonomy":"category","embeddable":true,"href":"http:\/\/ennedi.fr\/wpress\/wp-json\/wp\/v2\/categories?post=655"},{"taxonomy":"post_tag","embeddable":true,"href":"http:\/\/ennedi.fr\/wpress\/wp-json\/wp\/v2\/tags?post=655"}],"curies":[{"name":"wp","href":"https:\/\/api.w.org\/{rel}","templated":true}]}}