{"id":902,"date":"2019-09-20T21:51:57","date_gmt":"2019-09-20T19:51:57","guid":{"rendered":"http:\/\/ennedi.fr\/wpress\/?p=902"},"modified":"2019-10-29T21:36:25","modified_gmt":"2019-10-29T20:36:25","slug":"festival-photaubrac-2019","status":"publish","type":"post","link":"http:\/\/ennedi.fr\/wpress\/2019\/09\/20\/festival-photaubrac-2019\/","title":{"rendered":"Festival Phot&rsquo;Aubrac 2019"},"content":{"rendered":"\t\t<div data-elementor-type=\"wp-post\" data-elementor-id=\"902\" class=\"elementor elementor-902\" data-elementor-settings=\"[]\">\n\t\t\t\t\t\t<div class=\"elementor-inner\">\n\t\t\t\t\t\t\t<div class=\"elementor-section-wrap\">\n\t\t\t\t\t\t\t<section class=\"elementor-section elementor-top-section elementor-element elementor-element-06a69ba elementor-section-boxed elementor-section-height-default elementor-section-height-default\" data-id=\"06a69ba\" data-element_type=\"section\">\n\t\t\t\t\t\t<div class=\"elementor-container elementor-column-gap-default\">\n\t\t\t\t\t\t\t<div class=\"elementor-row\">\n\t\t\t\t\t<div class=\"elementor-column elementor-col-100 elementor-top-column elementor-element elementor-element-7eb38cc\" data-id=\"7eb38cc\" data-element_type=\"column\">\n\t\t\t<div class=\"elementor-column-wrap elementor-element-populated\">\n\t\t\t\t\t\t\t<div class=\"elementor-widget-wrap\">\n\t\t\t\t\t\t<div class=\"elementor-element elementor-element-7bd0895 elementor-widget elementor-widget-text-editor\" data-id=\"7bd0895\" data-element_type=\"widget\" data-widget_type=\"text-editor.default\">\n\t\t\t\t<div class=\"elementor-widget-container\">\n\t\t\t\t\t<div class=\"elementor-text-editor elementor-clearfix\"><\/div>\n\t\t\t\t<\/div>\n\t\t\t\t<\/div>\n\t\t\t\t<div class=\"elementor-element elementor-element-a1d2972 elementor-widget elementor-widget-text-editor\" data-id=\"a1d2972\" data-element_type=\"widget\" data-widget_type=\"text-editor.default\">\n\t\t\t\t<div class=\"elementor-widget-container\">\n\t\t\t\t\t<div class=\"elementor-text-editor elementor-clearfix\"><p align=\"center\"><strong><img loading=\"lazy\" class=\"alignleft wp-image-100 size-medium\" src=\"http:\/\/ennedi.fr\/wpress\/wp-content\/uploads\/2016\/05\/IMG_2512b3-300x200.jpg\" alt=\"\" width=\"300\" height=\"200\" srcset=\"http:\/\/ennedi.fr\/wpress\/wp-content\/uploads\/2016\/05\/IMG_2512b3-300x200.jpg 300w, http:\/\/ennedi.fr\/wpress\/wp-content\/uploads\/2016\/05\/IMG_2512b3-768x512.jpg 768w, http:\/\/ennedi.fr\/wpress\/wp-content\/uploads\/2016\/05\/IMG_2512b3-1024x683.jpg 1024w, http:\/\/ennedi.fr\/wpress\/wp-content\/uploads\/2016\/05\/IMG_2512b3-508x339.jpg 508w, http:\/\/ennedi.fr\/wpress\/wp-content\/uploads\/2016\/05\/IMG_2512b3.jpg 1200w\" sizes=\"(max-width: 300px) 100vw, 300px\" \/>Festival PHOT&rsquo;Aubrac &#8211; du 26 au 29 septembre 2019 &#8211; Exposition \u00ab\u00a0Nomades du Sahara \u00ab\u00a0.<\/strong><\/p><p align=\"center\"><strong>Ferme des n\u00e8gres\u00a0 \u00e0 Nasbinal<br \/><\/strong><\/p><p align=\"center\"><strong>Plus d&rsquo;informations\u00a0 : <a href=\"https:\/\/photaubrac.com\/edition-2019\/\">Le site du festival <\/a><br \/><\/strong><\/p><p align=\"center\"><strong>\u00a0<\/strong><\/p><\/div>\n\t\t\t\t<\/div>\n\t\t\t\t<\/div>\n\t\t\t\t<div class=\"elementor-element elementor-element-a4856ee elementor-widget elementor-widget-text-editor\" data-id=\"a4856ee\" data-element_type=\"widget\" data-widget_type=\"text-editor.default\">\n\t\t\t\t<div class=\"elementor-widget-container\">\n\t\t\t\t\t<div class=\"elementor-text-editor elementor-clearfix\"><p><img loading=\"lazy\" class=\"wp-image-915 size-medium alignleft\" src=\"http:\/\/ennedi.fr\/wpress\/wp-content\/uploads\/2019\/10\/20190926_140429b-300x169.jpg\" alt=\"\" width=\"300\" height=\"169\" srcset=\"http:\/\/ennedi.fr\/wpress\/wp-content\/uploads\/2019\/10\/20190926_140429b-300x169.jpg 300w, http:\/\/ennedi.fr\/wpress\/wp-content\/uploads\/2019\/10\/20190926_140429b-768x432.jpg 768w, http:\/\/ennedi.fr\/wpress\/wp-content\/uploads\/2019\/10\/20190926_140429b-1024x575.jpg 1024w, http:\/\/ennedi.fr\/wpress\/wp-content\/uploads\/2019\/10\/20190926_140429b.jpg 1500w\" sizes=\"(max-width: 300px) 100vw, 300px\" \/>un festival photo unique, des lieux d&rsquo;exposition improbables, souvent des \u00e9tables o\u00f9 les photos ont remplac\u00e9 les vaches le temps du festival, des fermiers aux petits soins pour nous, des images le long des chemins de randonn\u00e9es &#8230; des conf\u00e9rences, des rencontres &#8230; la pr\u00e9sence de Hans Silvester &#8230;. et des ap\u00e9ros &#8230; une organisation parfaite &#8230;. et pour terminer un concert rock sous le regard des vautours &#8230; un \u00e9norme merci \u00e0 toute l&rsquo;\u00e9quipe d&rsquo;organisation &#8230;..<\/p><\/div>\n\t\t\t\t<\/div>\n\t\t\t\t<\/div>\n\t\t\t\t\t\t<\/div>\n\t\t\t\t\t<\/div>\n\t\t<\/div>\n\t\t\t\t\t\t\t\t<\/div>\n\t\t\t\t\t<\/div>\n\t\t<\/section>\n\t\t\t\t<section class=\"elementor-section elementor-top-section elementor-element elementor-element-b443e00 elementor-section-boxed elementor-section-height-default elementor-section-height-default\" data-id=\"b443e00\" data-element_type=\"section\">\n\t\t\t\t\t\t<div class=\"elementor-container elementor-column-gap-default\">\n\t\t\t\t\t\t\t<div class=\"elementor-row\">\n\t\t\t\t\t<div class=\"elementor-column elementor-col-100 elementor-top-column elementor-element elementor-element-a79b323\" data-id=\"a79b323\" data-element_type=\"column\">\n\t\t\t<div class=\"elementor-column-wrap elementor-element-populated\">\n\t\t\t\t\t\t\t<div class=\"elementor-widget-wrap\">\n\t\t\t\t\t\t<div class=\"elementor-element elementor-element-0019c17 elementor-arrows-position-inside elementor-pagination-position-outside elementor-widget elementor-widget-image-carousel\" data-id=\"0019c17\" data-element_type=\"widget\" data-settings=\"{&quot;slides_to_show&quot;:&quot;1&quot;,&quot;navigation&quot;:&quot;both&quot;,&quot;autoplay&quot;:&quot;yes&quot;,&quot;pause_on_hover&quot;:&quot;yes&quot;,&quot;pause_on_interaction&quot;:&quot;yes&quot;,&quot;autoplay_speed&quot;:5000,&quot;infinite&quot;:&quot;yes&quot;,&quot;effect&quot;:&quot;slide&quot;,&quot;speed&quot;:500}\" data-widget_type=\"image-carousel.default\">\n\t\t\t\t<div class=\"elementor-widget-container\">\n\t\t\t\t\t<div class=\"elementor-image-carousel-wrapper swiper-container\" dir=\"ltr\">\n\t\t\t<div class=\"elementor-image-carousel swiper-wrapper swiper-image-stretch\">\n\t\t\t\t<div class=\"swiper-slide\"><figure class=\"swiper-slide-inner\"><img class=\"swiper-slide-image\" src=\"http:\/\/ennedi.fr\/wpress\/wp-content\/uploads\/2019\/10\/20190927_135119b-768x432.jpg\" alt=\"20190927_135119b\" \/><\/figure><\/div><div class=\"swiper-slide\"><figure class=\"swiper-slide-inner\"><img class=\"swiper-slide-image\" src=\"http:\/\/ennedi.fr\/wpress\/wp-content\/uploads\/2019\/10\/F5A8150-768x512.jpg\" alt=\"_F5A8150\" \/><\/figure><\/div><div class=\"swiper-slide\"><figure class=\"swiper-slide-inner\"><img class=\"swiper-slide-image\" src=\"http:\/\/ennedi.fr\/wpress\/wp-content\/uploads\/2019\/10\/F5A8149-768x543.jpg\" alt=\"_F5A8149\" \/><\/figure><\/div><div class=\"swiper-slide\"><figure class=\"swiper-slide-inner\"><img class=\"swiper-slide-image\" src=\"http:\/\/ennedi.fr\/wpress\/wp-content\/uploads\/2019\/10\/F5A7938-768x459.jpg\" alt=\"_F5A7938\" \/><\/figure><\/div><div class=\"swiper-slide\"><figure class=\"swiper-slide-inner\"><img class=\"swiper-slide-image\" src=\"http:\/\/ennedi.fr\/wpress\/wp-content\/uploads\/2019\/10\/F5A7937-768x512.jpg\" alt=\"_F5A7937\" \/><\/figure><\/div><div class=\"swiper-slide\"><figure class=\"swiper-slide-inner\"><img class=\"swiper-slide-image\" src=\"http:\/\/ennedi.fr\/wpress\/wp-content\/uploads\/2019\/10\/F5A8114-768x512.jpg\" alt=\"_F5A8114\" \/><\/figure><\/div><div class=\"swiper-slide\"><figure class=\"swiper-slide-inner\"><img class=\"swiper-slide-image\" src=\"http:\/\/ennedi.fr\/wpress\/wp-content\/uploads\/2019\/10\/F5A8089-768x512.jpg\" alt=\"_F5A8089\" \/><\/figure><\/div><div class=\"swiper-slide\"><figure class=\"swiper-slide-inner\"><img class=\"swiper-slide-image\" src=\"http:\/\/ennedi.fr\/wpress\/wp-content\/uploads\/2019\/10\/F5A7984-768x521.jpg\" alt=\"_F5A7984\" \/><\/figure><\/div><div class=\"swiper-slide\"><figure class=\"swiper-slide-inner\"><img class=\"swiper-slide-image\" src=\"http:\/\/ennedi.fr\/wpress\/wp-content\/uploads\/2019\/10\/F5A8116-768x512.jpg\" alt=\"_F5A8116\" \/><\/figure><\/div>\t\t\t<\/div>\n\t\t\t\t\t\t\t\t\t\t\t\t<div class=\"swiper-pagination\"><\/div>\n\t\t\t\t\t\t\t\t\t\t\t\t\t<div class=\"elementor-swiper-button elementor-swiper-button-prev\">\n\t\t\t\t\t\t<i class=\"eicon-chevron-left\" aria-hidden=\"true\"><\/i>\n\t\t\t\t\t\t<span class=\"elementor-screen-only\">Pr\u00e9c\u00e9dent<\/span>\n\t\t\t\t\t<\/div>\n\t\t\t\t\t<div class=\"elementor-swiper-button elementor-swiper-button-next\">\n\t\t\t\t\t\t<i class=\"eicon-chevron-right\" aria-hidden=\"true\"><\/i>\n\t\t\t\t\t\t<span class=\"elementor-screen-only\">Suivant<\/span>\n\t\t\t\t\t<\/div>\n\t\t\t\t\t\t\t\t\t<\/div>\n\t\t\t\t<\/div>\n\t\t\t\t<\/div>\n\t\t\t\t\t\t<\/div>\n\t\t\t\t\t<\/div>\n\t\t<\/div>\n\t\t\t\t\t\t\t\t<\/div>\n\t\t\t\t\t<\/div>\n\t\t<\/section>\n\t\t\t\t\t\t<\/div>\n\t\t\t\t\t\t<\/div>\n\t\t\t\t\t<\/div>\n\t\t","protected":false},"excerpt":{"rendered":"<p>Festival PHOT&rsquo;Aubrac &#8211; du 26 au 29 septembre 2019 &#8211; Exposition \u00ab\u00a0Nomades du Sahara \u00ab\u00a0. Ferme des n\u00e8gres\u00a0 \u00e0 Nasbinal Plus d&rsquo;informations\u00a0 : Le site du festival \u00a0 un festival photo unique, des lieux d&rsquo;exposition improbables, souvent des \u00e9tables o\u00f9 les photos ont remplac\u00e9 les vaches le temps du festival, des fermiers aux petits soins [&hellip;]<\/p>\n","protected":false},"author":1,"featured_media":371,"comment_status":"closed","ping_status":"closed","sticky":false,"template":"","format":"standard","meta":[],"categories":[11],"tags":[],"_links":{"self":[{"href":"http:\/\/ennedi.fr\/wpress\/wp-json\/wp\/v2\/posts\/902"}],"collection":[{"href":"http:\/\/ennedi.fr\/wpress\/wp-json\/wp\/v2\/posts"}],"about":[{"href":"http:\/\/ennedi.fr\/wpress\/wp-json\/wp\/v2\/types\/post"}],"author":[{"embeddable":true,"href":"http:\/\/ennedi.fr\/wpress\/wp-json\/wp\/v2\/users\/1"}],"replies":[{"embeddable":true,"href":"http:\/\/ennedi.fr\/wpress\/wp-json\/wp\/v2\/comments?post=902"}],"version-history":[{"count":9,"href":"http:\/\/ennedi.fr\/wpress\/wp-json\/wp\/v2\/posts\/902\/revisions"}],"predecessor-version":[{"id":924,"href":"http:\/\/ennedi.fr\/wpress\/wp-json\/wp\/v2\/posts\/902\/revisions\/924"}],"wp:featuredmedia":[{"embeddable":true,"href":"http:\/\/ennedi.fr\/wpress\/wp-json\/wp\/v2\/media\/371"}],"wp:attachment":[{"href":"http:\/\/ennedi.fr\/wpress\/wp-json\/wp\/v2\/media?parent=902"}],"wp:term":[{"taxonomy":"category","embeddable":true,"href":"http:\/\/ennedi.fr\/wpress\/wp-json\/wp\/v2\/categories?post=902"},{"taxonomy":"post_tag","embeddable":true,"href":"http:\/\/ennedi.fr\/wpress\/wp-json\/wp\/v2\/tags?post=902"}],"curies":[{"name":"wp","href":"https:\/\/api.w.org\/{rel}","templated":true}]}}