{"id":925,"date":"2019-10-30T18:10:21","date_gmt":"2019-10-30T17:10:21","guid":{"rendered":"http:\/\/ennedi.fr\/wpress\/?p=925"},"modified":"2019-12-24T17:50:12","modified_gmt":"2019-12-24T16:50:12","slug":"festival-photomenton-2019","status":"publish","type":"post","link":"http:\/\/ennedi.fr\/wpress\/2019\/10\/30\/festival-photomenton-2019\/","title":{"rendered":"Festival PhotoMenton 2019"},"content":{"rendered":"\t\t<div data-elementor-type=\"wp-post\" data-elementor-id=\"925\" class=\"elementor elementor-925\" data-elementor-settings=\"[]\">\n\t\t\t\t\t\t<div class=\"elementor-inner\">\n\t\t\t\t\t\t\t<div class=\"elementor-section-wrap\">\n\t\t\t\t\t\t\t<section class=\"elementor-section elementor-top-section elementor-element elementor-element-b3ddd8c elementor-section-boxed elementor-section-height-default elementor-section-height-default\" data-id=\"b3ddd8c\" data-element_type=\"section\">\n\t\t\t\t\t\t<div class=\"elementor-container elementor-column-gap-default\">\n\t\t\t\t\t\t\t<div class=\"elementor-row\">\n\t\t\t\t\t<div class=\"elementor-column elementor-col-100 elementor-top-column elementor-element elementor-element-55e2eb1\" data-id=\"55e2eb1\" data-element_type=\"column\">\n\t\t\t<div class=\"elementor-column-wrap elementor-element-populated\">\n\t\t\t\t\t\t\t<div class=\"elementor-widget-wrap\">\n\t\t\t\t\t\t<div class=\"elementor-element elementor-element-4cd7458 elementor-widget elementor-widget-text-editor\" data-id=\"4cd7458\" data-element_type=\"widget\" data-widget_type=\"text-editor.default\">\n\t\t\t\t<div class=\"elementor-widget-container\">\n\t\t\t\t\t<div class=\"elementor-text-editor elementor-clearfix\"><p><img loading=\"lazy\" class=\"alignleft wp-image-684 size-medium\" src=\"http:\/\/ennedi.fr\/wpress\/wp-content\/uploads\/2019\/05\/3Q8A5530-300x200.jpg\" alt=\"\" width=\"300\" height=\"200\" srcset=\"http:\/\/ennedi.fr\/wpress\/wp-content\/uploads\/2019\/05\/3Q8A5530-300x200.jpg 300w, http:\/\/ennedi.fr\/wpress\/wp-content\/uploads\/2019\/05\/3Q8A5530-768x513.jpg 768w, http:\/\/ennedi.fr\/wpress\/wp-content\/uploads\/2019\/05\/3Q8A5530-1024x683.jpg 1024w, http:\/\/ennedi.fr\/wpress\/wp-content\/uploads\/2019\/05\/3Q8A5530.jpg 1302w\" sizes=\"(max-width: 300px) 100vw, 300px\" \/>Festival PhotoMention du 16 au 24 novembre 2019 &#8211; Le palais de l&rsquo;Europe \u00e0 Menton.<\/p><p>Nouvelle exposition sur le th\u00e8me des macareux dans la neige au nord de la Norv\u00e8ge : \u00ab\u00a0Clowns du Nord\u00a0\u00bb.<\/p><p><a href=\"http:\/\/www.photomenton.com\/\/\">Le site du festival<\/a><\/p><\/div>\n\t\t\t\t<\/div>\n\t\t\t\t<\/div>\n\t\t\t\t\t\t<\/div>\n\t\t\t\t\t<\/div>\n\t\t<\/div>\n\t\t\t\t\t\t\t\t<\/div>\n\t\t\t\t\t<\/div>\n\t\t<\/section>\n\t\t\t\t<section class=\"elementor-section elementor-top-section elementor-element elementor-element-91f4066 elementor-section-boxed elementor-section-height-default elementor-section-height-default\" data-id=\"91f4066\" data-element_type=\"section\">\n\t\t\t\t\t\t<div class=\"elementor-container elementor-column-gap-default\">\n\t\t\t\t\t\t\t<div class=\"elementor-row\">\n\t\t\t\t\t<div class=\"elementor-column elementor-col-100 elementor-top-column elementor-element elementor-element-9ed20ed\" data-id=\"9ed20ed\" data-element_type=\"column\">\n\t\t\t<div class=\"elementor-column-wrap elementor-element-populated\">\n\t\t\t\t\t\t\t<div class=\"elementor-widget-wrap\">\n\t\t\t\t\t\t<div class=\"elementor-element elementor-element-608aa9b elementor-widget elementor-widget-text-editor\" data-id=\"608aa9b\" data-element_type=\"widget\" data-widget_type=\"text-editor.default\">\n\t\t\t\t<div class=\"elementor-widget-container\">\n\t\t\t\t\t<div class=\"elementor-text-editor elementor-clearfix\"><p><img loading=\"lazy\" class=\"alignleft wp-image-702 size-medium\" src=\"http:\/\/ennedi.fr\/wpress\/wp-content\/uploads\/2019\/05\/photographes-300x200.jpg\" alt=\"\" width=\"300\" height=\"200\" srcset=\"http:\/\/ennedi.fr\/wpress\/wp-content\/uploads\/2019\/05\/photographes-300x200.jpg 300w, http:\/\/ennedi.fr\/wpress\/wp-content\/uploads\/2019\/05\/photographes-768x513.jpg 768w, http:\/\/ennedi.fr\/wpress\/wp-content\/uploads\/2019\/05\/photographes-1024x683.jpg 1024w, http:\/\/ennedi.fr\/wpress\/wp-content\/uploads\/2019\/05\/photographes.jpg 1302w\" sizes=\"(max-width: 300px) 100vw, 300px\" \/>La fin de l\u2019hiver approche en Laponie, les macareux regagnent leur zone de nidification sur les c\u00f4tes de la p\u00e9ninsule du Varanger face \u00e0 la mer de Barents \u00e0 l\u2019extr\u00eame nord de la Norv\u00e8ge. Ils arrivent de plus en plus t\u00f4t chaque ann\u00e9e \u00e0 cause du r\u00e9chauffement climatique, mais la neige encore tr\u00e8s pr\u00e9sente dans cette r\u00e9gion isol\u00e9e, un peu le bout du monde et les temp\u00eates fr\u00e9quentes les retardent pour la pr\u00e9paration des nids. Ils se rassemblent dans la neige en attendant. Leur apparence maladroite et leur bec orange vif les ont rendus c\u00e9l\u00e8bres et valu le surnom de \u00ab\u00a0clowns de mer\u00a0\u00bb, mais l\u2019oiseau est querelleur et il y a parfois quelques bagarres. \u00ab\u00a0.<\/p><\/div>\n\t\t\t\t<\/div>\n\t\t\t\t<\/div>\n\t\t\t\t\t\t<\/div>\n\t\t\t\t\t<\/div>\n\t\t<\/div>\n\t\t\t\t\t\t\t\t<\/div>\n\t\t\t\t\t<\/div>\n\t\t<\/section>\n\t\t\t\t<section class=\"elementor-section elementor-top-section elementor-element elementor-element-3588114 elementor-section-boxed elementor-section-height-default elementor-section-height-default\" data-id=\"3588114\" data-element_type=\"section\">\n\t\t\t\t\t\t<div class=\"elementor-container elementor-column-gap-default\">\n\t\t\t\t\t\t\t<div class=\"elementor-row\">\n\t\t\t\t\t<div class=\"elementor-column elementor-col-100 elementor-top-column elementor-element elementor-element-6d5035e\" data-id=\"6d5035e\" data-element_type=\"column\">\n\t\t\t<div class=\"elementor-column-wrap elementor-element-populated\">\n\t\t\t\t\t\t\t<div class=\"elementor-widget-wrap\">\n\t\t\t\t\t\t<div class=\"elementor-element elementor-element-705c995 elementor-widget elementor-widget-text-editor\" data-id=\"705c995\" data-element_type=\"widget\" data-widget_type=\"text-editor.default\">\n\t\t\t\t<div class=\"elementor-widget-container\">\n\t\t\t\t\t<div class=\"elementor-text-editor elementor-clearfix\"><p><img loading=\"lazy\" class=\"alignleft wp-image-935 \" src=\"http:\/\/ennedi.fr\/wpress\/wp-content\/uploads\/2019\/12\/Photomenton-nicematin.jpg\" alt=\"\" width=\"165\" height=\"248\" srcset=\"http:\/\/ennedi.fr\/wpress\/wp-content\/uploads\/2019\/12\/Photomenton-nicematin.jpg 704w, http:\/\/ennedi.fr\/wpress\/wp-content\/uploads\/2019\/12\/Photomenton-nicematin-200x300.jpg 200w, http:\/\/ennedi.fr\/wpress\/wp-content\/uploads\/2019\/12\/Photomenton-nicematin-683x1024.jpg 683w\" sizes=\"(max-width: 165px) 100vw, 165px\" \/><\/p><p>Encore une belle \u00e9dition avec beaucoup de monde malgr\u00e9\u00a0 un deuxi\u00e8me week end perturb\u00e9 par les intemp\u00e9ries. De tr\u00e8s belles expositions, tr\u00e8s diversifi\u00e9es, beaucoup d&rsquo;imagination et de cr\u00e9ativit\u00e9. L&rsquo;\u00e9quipe d&rsquo;organisation est toujours au top.<\/p><p>Les macareux ont eu du succ\u00e8s et ont remport\u00e9 le grand prix du festival. <\/p><p>Beaucoup d&rsquo;\u00e9motion lors de la remise des prix &#8230;<\/p><p>Et un article dans Nice Matin &#8230;..<\/p><\/div>\n\t\t\t\t<\/div>\n\t\t\t\t<\/div>\n\t\t\t\t\t\t<\/div>\n\t\t\t\t\t<\/div>\n\t\t<\/div>\n\t\t\t\t\t\t\t\t<\/div>\n\t\t\t\t\t<\/div>\n\t\t<\/section>\n\t\t\t\t<section class=\"elementor-section elementor-top-section elementor-element elementor-element-5bcccdf elementor-section-boxed elementor-section-height-default elementor-section-height-default\" data-id=\"5bcccdf\" data-element_type=\"section\">\n\t\t\t\t\t\t<div class=\"elementor-container elementor-column-gap-default\">\n\t\t\t\t\t\t\t<div class=\"elementor-row\">\n\t\t\t\t\t<div class=\"elementor-column elementor-col-100 elementor-top-column elementor-element elementor-element-a9fa63d\" data-id=\"a9fa63d\" data-element_type=\"column\">\n\t\t\t<div class=\"elementor-column-wrap\">\n\t\t\t\t\t\t\t<div class=\"elementor-widget-wrap\">\n\t\t\t\t\t\t\t\t<\/div>\n\t\t\t\t\t<\/div>\n\t\t<\/div>\n\t\t\t\t\t\t\t\t<\/div>\n\t\t\t\t\t<\/div>\n\t\t<\/section>\n\t\t\t\t<section class=\"elementor-section elementor-top-section elementor-element elementor-element-4cf3818 elementor-section-boxed elementor-section-height-default elementor-section-height-default\" data-id=\"4cf3818\" data-element_type=\"section\">\n\t\t\t\t\t\t<div class=\"elementor-container elementor-column-gap-default\">\n\t\t\t\t\t\t\t<div class=\"elementor-row\">\n\t\t\t\t\t<div class=\"elementor-column elementor-col-100 elementor-top-column elementor-element elementor-element-aaeb39c\" data-id=\"aaeb39c\" data-element_type=\"column\">\n\t\t\t<div class=\"elementor-column-wrap elementor-element-populated\">\n\t\t\t\t\t\t\t<div class=\"elementor-widget-wrap\">\n\t\t\t\t\t\t<div class=\"elementor-element elementor-element-1f5bdf4 elementor-arrows-position-inside elementor-pagination-position-outside elementor-widget elementor-widget-image-carousel\" data-id=\"1f5bdf4\" data-element_type=\"widget\" data-settings=\"{&quot;slides_to_show&quot;:&quot;1&quot;,&quot;navigation&quot;:&quot;both&quot;,&quot;autoplay&quot;:&quot;yes&quot;,&quot;pause_on_hover&quot;:&quot;yes&quot;,&quot;pause_on_interaction&quot;:&quot;yes&quot;,&quot;autoplay_speed&quot;:5000,&quot;infinite&quot;:&quot;yes&quot;,&quot;effect&quot;:&quot;slide&quot;,&quot;speed&quot;:500}\" data-widget_type=\"image-carousel.default\">\n\t\t\t\t<div class=\"elementor-widget-container\">\n\t\t\t\t\t<div class=\"elementor-image-carousel-wrapper swiper-container\" dir=\"ltr\">\n\t\t\t<div class=\"elementor-image-carousel swiper-wrapper\">\n\t\t\t\t<div class=\"swiper-slide\"><figure class=\"swiper-slide-inner\"><img class=\"swiper-slide-image\" src=\"http:\/\/ennedi.fr\/wpress\/wp-content\/uploads\/2019\/12\/20191115_143712b-768x432.jpg\" alt=\"20191115_143712b\" \/><\/figure><\/div><div class=\"swiper-slide\"><figure class=\"swiper-slide-inner\"><img class=\"swiper-slide-image\" src=\"http:\/\/ennedi.fr\/wpress\/wp-content\/uploads\/2019\/12\/20191116_091340b2-768x288.jpg\" alt=\"20191116_091340b2\" \/><\/figure><\/div><div class=\"swiper-slide\"><figure class=\"swiper-slide-inner\"><img class=\"swiper-slide-image\" src=\"http:\/\/ennedi.fr\/wpress\/wp-content\/uploads\/2019\/12\/20191117_112443b.jpg\" alt=\"20191117_112443b\" \/><\/figure><\/div><div class=\"swiper-slide\"><figure class=\"swiper-slide-inner\"><img class=\"swiper-slide-image\" src=\"http:\/\/ennedi.fr\/wpress\/wp-content\/uploads\/2019\/12\/20191117_173433b-768x432.jpg\" alt=\"20191117_173433b\" \/><\/figure><\/div><div class=\"swiper-slide\"><figure class=\"swiper-slide-inner\"><img class=\"swiper-slide-image\" src=\"http:\/\/ennedi.fr\/wpress\/wp-content\/uploads\/2019\/12\/20191124_155452b.jpg\" alt=\"20191124_155452b\" \/><\/figure><\/div><div class=\"swiper-slide\"><figure class=\"swiper-slide-inner\"><img class=\"swiper-slide-image\" src=\"http:\/\/ennedi.fr\/wpress\/wp-content\/uploads\/2019\/12\/75576612_1236184179887030_4922402116036722688_o-768x512.jpg\" alt=\"75576612_1236184179887030_4922402116036722688_o\" \/><\/figure><\/div><div class=\"swiper-slide\"><figure class=\"swiper-slide-inner\"><img class=\"swiper-slide-image\" src=\"http:\/\/ennedi.fr\/wpress\/wp-content\/uploads\/2019\/12\/76972844_2525395107579484_2720619030464430080_o-768x576.jpg\" alt=\"76972844_2525395107579484_2720619030464430080_o\" \/><\/figure><\/div><div class=\"swiper-slide\"><figure class=\"swiper-slide-inner\"><img class=\"swiper-slide-image\" src=\"http:\/\/ennedi.fr\/wpress\/wp-content\/uploads\/2019\/12\/Photomenton-nicematin.jpg\" alt=\"Photomenton-nicematin\" \/><\/figure><\/div>\t\t\t<\/div>\n\t\t\t\t\t\t\t\t\t\t\t\t<div class=\"swiper-pagination\"><\/div>\n\t\t\t\t\t\t\t\t\t\t\t\t\t<div class=\"elementor-swiper-button elementor-swiper-button-prev\">\n\t\t\t\t\t\t<i class=\"eicon-chevron-left\" aria-hidden=\"true\"><\/i>\n\t\t\t\t\t\t<span class=\"elementor-screen-only\">Pr\u00e9c\u00e9dent<\/span>\n\t\t\t\t\t<\/div>\n\t\t\t\t\t<div class=\"elementor-swiper-button elementor-swiper-button-next\">\n\t\t\t\t\t\t<i class=\"eicon-chevron-right\" aria-hidden=\"true\"><\/i>\n\t\t\t\t\t\t<span class=\"elementor-screen-only\">Suivant<\/span>\n\t\t\t\t\t<\/div>\n\t\t\t\t\t\t\t\t\t<\/div>\n\t\t\t\t<\/div>\n\t\t\t\t<\/div>\n\t\t\t\t\t\t<\/div>\n\t\t\t\t\t<\/div>\n\t\t<\/div>\n\t\t\t\t\t\t\t\t<\/div>\n\t\t\t\t\t<\/div>\n\t\t<\/section>\n\t\t\t\t\t\t<\/div>\n\t\t\t\t\t\t<\/div>\n\t\t\t\t\t<\/div>\n\t\t","protected":false},"excerpt":{"rendered":"<p>Festival PhotoMention du 16 au 24 novembre 2019 &#8211; Le palais de l&rsquo;Europe \u00e0 Menton. Nouvelle exposition sur le th\u00e8me des macareux dans la neige au nord de la Norv\u00e8ge : \u00ab\u00a0Clowns du Nord\u00a0\u00bb. Le site du festival La fin de l\u2019hiver approche en Laponie, les macareux regagnent leur zone de nidification sur les c\u00f4tes [&hellip;]<\/p>\n","protected":false},"author":1,"featured_media":928,"comment_status":"closed","ping_status":"closed","sticky":false,"template":"","format":"standard","meta":[],"categories":[11],"tags":[],"_links":{"self":[{"href":"http:\/\/ennedi.fr\/wpress\/wp-json\/wp\/v2\/posts\/925"}],"collection":[{"href":"http:\/\/ennedi.fr\/wpress\/wp-json\/wp\/v2\/posts"}],"about":[{"href":"http:\/\/ennedi.fr\/wpress\/wp-json\/wp\/v2\/types\/post"}],"author":[{"embeddable":true,"href":"http:\/\/ennedi.fr\/wpress\/wp-json\/wp\/v2\/users\/1"}],"replies":[{"embeddable":true,"href":"http:\/\/ennedi.fr\/wpress\/wp-json\/wp\/v2\/comments?post=925"}],"version-history":[{"count":22,"href":"http:\/\/ennedi.fr\/wpress\/wp-json\/wp\/v2\/posts\/925\/revisions"}],"predecessor-version":[{"id":963,"href":"http:\/\/ennedi.fr\/wpress\/wp-json\/wp\/v2\/posts\/925\/revisions\/963"}],"wp:featuredmedia":[{"embeddable":true,"href":"http:\/\/ennedi.fr\/wpress\/wp-json\/wp\/v2\/media\/928"}],"wp:attachment":[{"href":"http:\/\/ennedi.fr\/wpress\/wp-json\/wp\/v2\/media?parent=925"}],"wp:term":[{"taxonomy":"category","embeddable":true,"href":"http:\/\/ennedi.fr\/wpress\/wp-json\/wp\/v2\/categories?post=925"},{"taxonomy":"post_tag","embeddable":true,"href":"http:\/\/ennedi.fr\/wpress\/wp-json\/wp\/v2\/tags?post=925"}],"curies":[{"name":"wp","href":"https:\/\/api.w.org\/{rel}","templated":true}]}}