{"id":964,"date":"2020-01-06T22:01:33","date_gmt":"2020-01-06T21:01:33","guid":{"rendered":"http:\/\/ennedi.fr\/wpress\/?p=964"},"modified":"2020-02-25T21:49:10","modified_gmt":"2020-02-25T20:49:10","slug":"festival-images-et-neige","status":"publish","type":"post","link":"http:\/\/ennedi.fr\/wpress\/2020\/01\/06\/festival-images-et-neige\/","title":{"rendered":"Festival Images et Neige"},"content":{"rendered":"\t\t<div data-elementor-type=\"wp-post\" data-elementor-id=\"964\" class=\"elementor elementor-964\" data-elementor-settings=\"[]\">\n\t\t\t\t\t\t<div class=\"elementor-inner\">\n\t\t\t\t\t\t\t<div class=\"elementor-section-wrap\">\n\t\t\t\t\t\t\t<section class=\"elementor-section elementor-top-section elementor-element elementor-element-406290d elementor-section-boxed elementor-section-height-default elementor-section-height-default\" data-id=\"406290d\" data-element_type=\"section\">\n\t\t\t\t\t\t<div class=\"elementor-container elementor-column-gap-default\">\n\t\t\t\t\t\t\t<div class=\"elementor-row\">\n\t\t\t\t\t<div class=\"elementor-column elementor-col-100 elementor-top-column elementor-element elementor-element-3a07627\" data-id=\"3a07627\" data-element_type=\"column\">\n\t\t\t<div class=\"elementor-column-wrap elementor-element-populated\">\n\t\t\t\t\t\t\t<div class=\"elementor-widget-wrap\">\n\t\t\t\t\t\t<div class=\"elementor-element elementor-element-04d086f elementor-widget elementor-widget-text-editor\" data-id=\"04d086f\" data-element_type=\"widget\" data-widget_type=\"text-editor.default\">\n\t\t\t\t<div class=\"elementor-widget-container\">\n\t\t\t\t\t<div class=\"elementor-text-editor elementor-clearfix\"><p><img loading=\"lazy\" class=\"alignleft wp-image-683 size-medium\" src=\"http:\/\/ennedi.fr\/wpress\/wp-content\/uploads\/2019\/05\/3Q8A4594-2b-300x200.jpg\" alt=\"\" width=\"300\" height=\"200\" srcset=\"http:\/\/ennedi.fr\/wpress\/wp-content\/uploads\/2019\/05\/3Q8A4594-2b-300x200.jpg 300w, http:\/\/ennedi.fr\/wpress\/wp-content\/uploads\/2019\/05\/3Q8A4594-2b-768x513.jpg 768w, http:\/\/ennedi.fr\/wpress\/wp-content\/uploads\/2019\/05\/3Q8A4594-2b-1024x683.jpg 1024w, http:\/\/ennedi.fr\/wpress\/wp-content\/uploads\/2019\/05\/3Q8A4594-2b.jpg 1302w\" sizes=\"(max-width: 300px) 100vw, 300px\" \/>Cluses : Festival Images et Neige, les 17 18 19 janvier 2020. Exposition \u00ab\u00a0Clowns du Nord\u00a0\u00bb, les macareux dans la neige &#8230;.<\/p><p>Rendez vous sur le parvis des Esserts. <a href=\"http:\/\/www.imagesetneige.fr\/\/\/\">Le site du festival<\/a><\/p><\/div>\n\t\t\t\t<\/div>\n\t\t\t\t<\/div>\n\t\t\t\t\t\t<\/div>\n\t\t\t\t\t<\/div>\n\t\t<\/div>\n\t\t\t\t\t\t\t\t<\/div>\n\t\t\t\t\t<\/div>\n\t\t<\/section>\n\t\t\t\t<section class=\"elementor-section elementor-top-section elementor-element elementor-element-94d32a2 elementor-section-boxed elementor-section-height-default elementor-section-height-default\" data-id=\"94d32a2\" data-element_type=\"section\">\n\t\t\t\t\t\t<div class=\"elementor-container elementor-column-gap-default\">\n\t\t\t\t\t\t\t<div class=\"elementor-row\">\n\t\t\t\t\t<div class=\"elementor-column elementor-col-100 elementor-top-column elementor-element elementor-element-db4e260\" data-id=\"db4e260\" data-element_type=\"column\">\n\t\t\t<div class=\"elementor-column-wrap elementor-element-populated\">\n\t\t\t\t\t\t\t<div class=\"elementor-widget-wrap\">\n\t\t\t\t\t\t<div class=\"elementor-element elementor-element-7f539e3 elementor-widget elementor-widget-text-editor\" data-id=\"7f539e3\" data-element_type=\"widget\" data-widget_type=\"text-editor.default\">\n\t\t\t\t<div class=\"elementor-widget-container\">\n\t\t\t\t\t<div class=\"elementor-text-editor elementor-clearfix\"><p><img loading=\"lazy\" class=\"alignleft wp-image-977 size-medium\" src=\"http:\/\/ennedi.fr\/wpress\/wp-content\/uploads\/2020\/02\/1170022_DxO-300x200.jpg\" alt=\"\" width=\"300\" height=\"200\" srcset=\"http:\/\/ennedi.fr\/wpress\/wp-content\/uploads\/2020\/02\/1170022_DxO-300x200.jpg 300w, http:\/\/ennedi.fr\/wpress\/wp-content\/uploads\/2020\/02\/1170022_DxO-1024x683.jpg 1024w, http:\/\/ennedi.fr\/wpress\/wp-content\/uploads\/2020\/02\/1170022_DxO-768x512.jpg 768w, http:\/\/ennedi.fr\/wpress\/wp-content\/uploads\/2020\/02\/1170022_DxO.jpg 1500w\" sizes=\"(max-width: 300px) 100vw, 300px\" \/> Les macareux \u00e9taient de sortie\u00a0 au festival Images et neige \u00e0 Cluses &#8230; Super organisation, belle ambiance, beaucoup de monde malgr\u00e9 des conditions m\u00e9t\u00e9o id\u00e9ales pour le ski &#8230; une journ\u00e9e sp\u00e9ciales pour les scolaires (400 enfants tr\u00e8s int\u00e9ress\u00e9s par les animaux) &#8230; un \u00c9norme merci \u00e0 toute l&rsquo;\u00e9quipe d&rsquo;organisation<\/p><\/div>\n\t\t\t\t<\/div>\n\t\t\t\t<\/div>\n\t\t\t\t\t\t<\/div>\n\t\t\t\t\t<\/div>\n\t\t<\/div>\n\t\t\t\t\t\t\t\t<\/div>\n\t\t\t\t\t<\/div>\n\t\t<\/section>\n\t\t\t\t<section class=\"elementor-section elementor-top-section elementor-element elementor-element-86ed329 elementor-section-full_width elementor-section-content-middle elementor-section-height-default elementor-section-height-default\" data-id=\"86ed329\" data-element_type=\"section\">\n\t\t\t\t\t\t<div class=\"elementor-container elementor-column-gap-default\">\n\t\t\t\t\t\t\t<div class=\"elementor-row\">\n\t\t\t\t\t<div class=\"elementor-column elementor-col-100 elementor-top-column elementor-element elementor-element-65cbcd5\" data-id=\"65cbcd5\" data-element_type=\"column\">\n\t\t\t<div class=\"elementor-column-wrap elementor-element-populated\">\n\t\t\t\t\t\t\t<div class=\"elementor-widget-wrap\">\n\t\t\t\t\t\t<div class=\"elementor-element elementor-element-0cc0258 elementor-arrows-position-inside elementor-pagination-position-outside elementor-invisible elementor-widget elementor-widget-image-carousel\" data-id=\"0cc0258\" data-element_type=\"widget\" data-settings=\"{&quot;slides_to_show&quot;:&quot;1&quot;,&quot;_animation&quot;:&quot;fadeIn&quot;,&quot;navigation&quot;:&quot;both&quot;,&quot;autoplay&quot;:&quot;yes&quot;,&quot;pause_on_hover&quot;:&quot;yes&quot;,&quot;pause_on_interaction&quot;:&quot;yes&quot;,&quot;autoplay_speed&quot;:5000,&quot;infinite&quot;:&quot;yes&quot;,&quot;effect&quot;:&quot;slide&quot;,&quot;speed&quot;:500}\" data-widget_type=\"image-carousel.default\">\n\t\t\t\t<div class=\"elementor-widget-container\">\n\t\t\t\t\t<div class=\"elementor-image-carousel-wrapper swiper-container\" dir=\"ltr\">\n\t\t\t<div class=\"elementor-image-carousel swiper-wrapper\">\n\t\t\t\t<div class=\"swiper-slide\"><figure class=\"swiper-slide-inner\"><img class=\"swiper-slide-image\" src=\"http:\/\/ennedi.fr\/wpress\/wp-content\/uploads\/2020\/02\/1190083_DxO-768x512.jpg\" alt=\"_1190083_DxO\" \/><\/figure><\/div><div class=\"swiper-slide\"><figure class=\"swiper-slide-inner\"><img class=\"swiper-slide-image\" src=\"http:\/\/ennedi.fr\/wpress\/wp-content\/uploads\/2020\/02\/1170064_DxO-768x512.jpg\" alt=\"_1170064_DxO\" \/><\/figure><\/div><div class=\"swiper-slide\"><figure class=\"swiper-slide-inner\"><img class=\"swiper-slide-image\" src=\"http:\/\/ennedi.fr\/wpress\/wp-content\/uploads\/2020\/02\/1170022_DxO-768x512.jpg\" alt=\"_1170022_DxO\" \/><\/figure><\/div><div class=\"swiper-slide\"><figure class=\"swiper-slide-inner\"><img class=\"swiper-slide-image\" src=\"http:\/\/ennedi.fr\/wpress\/wp-content\/uploads\/2020\/02\/1170015_DxO-768x768.jpg\" alt=\"_1170015_DxO\" \/><\/figure><\/div><div class=\"swiper-slide\"><figure class=\"swiper-slide-inner\"><img class=\"swiper-slide-image\" src=\"http:\/\/ennedi.fr\/wpress\/wp-content\/uploads\/2020\/02\/1170003_DxO-2-768x512.jpg\" alt=\"_1170003_DxO-2\" \/><\/figure><\/div>\t\t\t<\/div>\n\t\t\t\t\t\t\t\t\t\t\t\t<div class=\"swiper-pagination\"><\/div>\n\t\t\t\t\t\t\t\t\t\t\t\t\t<div class=\"elementor-swiper-button elementor-swiper-button-prev\">\n\t\t\t\t\t\t<i class=\"eicon-chevron-left\" aria-hidden=\"true\"><\/i>\n\t\t\t\t\t\t<span class=\"elementor-screen-only\">Pr\u00e9c\u00e9dent<\/span>\n\t\t\t\t\t<\/div>\n\t\t\t\t\t<div class=\"elementor-swiper-button elementor-swiper-button-next\">\n\t\t\t\t\t\t<i class=\"eicon-chevron-right\" aria-hidden=\"true\"><\/i>\n\t\t\t\t\t\t<span class=\"elementor-screen-only\">Suivant<\/span>\n\t\t\t\t\t<\/div>\n\t\t\t\t\t\t\t\t\t<\/div>\n\t\t\t\t<\/div>\n\t\t\t\t<\/div>\n\t\t\t\t\t\t<\/div>\n\t\t\t\t\t<\/div>\n\t\t<\/div>\n\t\t\t\t\t\t\t\t<\/div>\n\t\t\t\t\t<\/div>\n\t\t<\/section>\n\t\t\t\t\t\t<\/div>\n\t\t\t\t\t\t<\/div>\n\t\t\t\t\t<\/div>\n\t\t","protected":false},"excerpt":{"rendered":"<p>Cluses : Festival Images et Neige, les 17 18 19 janvier 2020. Exposition \u00ab\u00a0Clowns du Nord\u00a0\u00bb, les macareux dans la neige &#8230;. Rendez vous sur le parvis des Esserts. Le site du festival Les macareux \u00e9taient de sortie\u00a0 au festival Images et neige \u00e0 Cluses &#8230; Super organisation, belle ambiance, beaucoup de monde malgr\u00e9 des [&hellip;]<\/p>\n","protected":false},"author":1,"featured_media":968,"comment_status":"closed","ping_status":"closed","sticky":false,"template":"","format":"standard","meta":[],"categories":[11],"tags":[],"_links":{"self":[{"href":"http:\/\/ennedi.fr\/wpress\/wp-json\/wp\/v2\/posts\/964"}],"collection":[{"href":"http:\/\/ennedi.fr\/wpress\/wp-json\/wp\/v2\/posts"}],"about":[{"href":"http:\/\/ennedi.fr\/wpress\/wp-json\/wp\/v2\/types\/post"}],"author":[{"embeddable":true,"href":"http:\/\/ennedi.fr\/wpress\/wp-json\/wp\/v2\/users\/1"}],"replies":[{"embeddable":true,"href":"http:\/\/ennedi.fr\/wpress\/wp-json\/wp\/v2\/comments?post=964"}],"version-history":[{"count":15,"href":"http:\/\/ennedi.fr\/wpress\/wp-json\/wp\/v2\/posts\/964\/revisions"}],"predecessor-version":[{"id":986,"href":"http:\/\/ennedi.fr\/wpress\/wp-json\/wp\/v2\/posts\/964\/revisions\/986"}],"wp:featuredmedia":[{"embeddable":true,"href":"http:\/\/ennedi.fr\/wpress\/wp-json\/wp\/v2\/media\/968"}],"wp:attachment":[{"href":"http:\/\/ennedi.fr\/wpress\/wp-json\/wp\/v2\/media?parent=964"}],"wp:term":[{"taxonomy":"category","embeddable":true,"href":"http:\/\/ennedi.fr\/wpress\/wp-json\/wp\/v2\/categories?post=964"},{"taxonomy":"post_tag","embeddable":true,"href":"http:\/\/ennedi.fr\/wpress\/wp-json\/wp\/v2\/tags?post=964"}],"curies":[{"name":"wp","href":"https:\/\/api.w.org\/{rel}","templated":true}]}}